{"id":11891,"date":"2024-10-22T14:11:15","date_gmt":"2024-10-22T12:11:15","guid":{"rendered":"https:\/\/dpsradzymin.pl\/?p=11891"},"modified":"2024-11-22T12:55:27","modified_gmt":"2024-11-22T11:55:27","slug":"podziekowanie-dla-zespolu-wolontariuszy-banku-gospodarstwa-krajowego-w-warszawie-wolontariat-jest-super-edycja-xvi-2024-r","status":"publish","type":"post","link":"https:\/\/dpsradzymin.pl\/index.php\/2024\/10\/22\/podziekowanie-dla-zespolu-wolontariuszy-banku-gospodarstwa-krajowego-w-warszawie-wolontariat-jest-super-edycja-xvi-2024-r\/","title":{"rendered":"PODZI\u0118KOWANIE DLA ZESPO\u0141U WOLONTARIUSZY BANKU GOSPODARSTWA KRAJOWEGO W WARSZAWIE\u2013 WOLONTARIAT JEST SUPER! EDYCJA XVI 2024 R."},"content":{"rendered":"\n<p>Najpi\u0119kniejsze podzi\u0119kowania dla Zespo\u0142u Wolontariuszy Banku Gospodarstwa Krajowego w Warszawie na czele z <strong>Pani\u0105 Ma\u0142gorzat\u0105 Olszewsk\u0105,<\/strong> za stworzenie komfortowej i przyjaznej przestrzeni dla naszych Mieszka\u0144c\u00f3w i ich rodzin w ramach <strong>XVI edycji<\/strong> <strong>projektu Wolontariat jest super!<\/strong><\/p>\n\n\n\n<p>To ju\u017c kolejny raz Zesp\u00f3\u0142 Wolontariuszy BGK podj\u0105\u0142 pi\u0119kn\u0105 inicjatyw\u0119 \u2013 tym razem, zagospodarowania tarasu przy budynku g\u0142\u00f3wnym ratanowymi meblami wypoczynkowymi i mn\u00f3stwem kwiat\u00f3w oraz pomalowania konstrukcji zadaszenia tarasu pi\u0119knym drewnochronem. Dzi\u0119ki realizacji projektu taras sta\u0142 si\u0119 miejscem gdzie nasi Mieszka\u0144cy ch\u0119tnie sp\u0119dzaj\u0105 czas w s\u0142oneczne i deszczowe dni.<\/p>\n\n\n\n<p>Wraz z Mieszka\u0144cami, \u017cycz\u0119 ca\u0142emu Zespo\u0142owi Wolontariuszy si\u0142y oraz zapa\u0142u do kontynuacji tak pi\u0119knych dzia\u0142a\u0144 jakimi s\u0105 pomoc osobom starszym i potrzebuj\u0105cym. Niech wdzi\u0119czno\u015b\u0107 obdarowanych os\u00f3b nap\u0119dza\u0142a Pa\u0144stwa do dalszego dzia\u0142ania, a satysfakcja z niesienia pomocy inspiruje Was do realizacji nowych projekt\u00f3w.<\/p>\n\n\n\n<figure class=\"wp-block-image size-large\"><img loading=\"lazy\" decoding=\"async\" width=\"1024\" height=\"768\" src=\"https:\/\/dpsradzymin.pl\/wp-content\/uploads\/2024\/10\/IMG_7163-1024x768.jpg\" alt=\"\" class=\"wp-image-11892\" srcset=\"https:\/\/dpsradzymin.pl\/wp-content\/uploads\/2024\/10\/IMG_7163-1024x768.jpg 1024w, https:\/\/dpsradzymin.pl\/wp-content\/uploads\/2024\/10\/IMG_7163-300x225.jpg 300w, https:\/\/dpsradzymin.pl\/wp-content\/uploads\/2024\/10\/IMG_7163-768x576.jpg 768w, https:\/\/dpsradzymin.pl\/wp-content\/uploads\/2024\/10\/IMG_7163-1536x1153.jpg 1536w, https:\/\/dpsradzymin.pl\/wp-content\/uploads\/2024\/10\/IMG_7163-2048x1537.jpg 2048w\" sizes=\"auto, (max-width: 1024px) 100vw, 1024px\" \/><\/figure>\n\n\n\n<figure class=\"wp-block-image size-large\"><img loading=\"lazy\" decoding=\"async\" width=\"1024\" height=\"768\" src=\"https:\/\/dpsradzymin.pl\/wp-content\/uploads\/2024\/10\/IMG_7211-1024x768.jpg\" alt=\"\" class=\"wp-image-11893\" srcset=\"https:\/\/dpsradzymin.pl\/wp-content\/uploads\/2024\/10\/IMG_7211-1024x768.jpg 1024w, https:\/\/dpsradzymin.pl\/wp-content\/uploads\/2024\/10\/IMG_7211-300x225.jpg 300w, https:\/\/dpsradzymin.pl\/wp-content\/uploads\/2024\/10\/IMG_7211-768x576.jpg 768w, https:\/\/dpsradzymin.pl\/wp-content\/uploads\/2024\/10\/IMG_7211-1536x1152.jpg 1536w, https:\/\/dpsradzymin.pl\/wp-content\/uploads\/2024\/10\/IMG_7211-2048x1536.jpg 2048w\" sizes=\"auto, (max-width: 1024px) 100vw, 1024px\" \/><\/figure>\n\n\n\n<p><\/p>\n\n\n\n<p><\/p>\n","protected":false},"excerpt":{"rendered":"<p>Najpi\u0119kniejsze podzi\u0119kowania dla Zespo\u0142u Wolontariuszy Banku Gospodarstwa Krajowego w Warszawie na czele z Pani\u0105 Ma\u0142gorzat\u0105 Olszewsk\u0105, za stworzenie komfortowej i przyjaznej przestrzeni dla naszych Mieszka\u0144c\u00f3w i ich rodzin w ramach XVI edycji projektu Wolontariat jest super! To ju\u017c kolejny raz Zesp\u00f3\u0142 Wolontariuszy BGK podj\u0105\u0142 pi\u0119kn\u0105 inicjatyw\u0119 \u2013 tym razem, zagospodarowania tarasu przy budynku g\u0142\u00f3wnym ratanowymi [&hellip;]<\/p>\n","protected":false},"author":1,"featured_media":11892,"comment_status":"closed","ping_status":"open","sticky":false,"template":"","format":"standard","meta":{"footnotes":""},"categories":[5],"tags":[],"class_list":["post-11891","post","type-post","status-publish","format-standard","has-post-thumbnail","hentry","category-aktualnosci"],"_links":{"self":[{"href":"https:\/\/dpsradzymin.pl\/index.php\/wp-json\/wp\/v2\/posts\/11891","targetHints":{"allow":["GET"]}}],"collection":[{"href":"https:\/\/dpsradzymin.pl\/index.php\/wp-json\/wp\/v2\/posts"}],"about":[{"href":"https:\/\/dpsradzymin.pl\/index.php\/wp-json\/wp\/v2\/types\/post"}],"author":[{"embeddable":true,"href":"https:\/\/dpsradzymin.pl\/index.php\/wp-json\/wp\/v2\/users\/1"}],"replies":[{"embeddable":true,"href":"https:\/\/dpsradzymin.pl\/index.php\/wp-json\/wp\/v2\/comments?post=11891"}],"version-history":[{"count":1,"href":"https:\/\/dpsradzymin.pl\/index.php\/wp-json\/wp\/v2\/posts\/11891\/revisions"}],"predecessor-version":[{"id":11896,"href":"https:\/\/dpsradzymin.pl\/index.php\/wp-json\/wp\/v2\/posts\/11891\/revisions\/11896"}],"wp:featuredmedia":[{"embeddable":true,"href":"https:\/\/dpsradzymin.pl\/index.php\/wp-json\/wp\/v2\/media\/11892"}],"wp:attachment":[{"href":"https:\/\/dpsradzymin.pl\/index.php\/wp-json\/wp\/v2\/media?parent=11891"}],"wp:term":[{"taxonomy":"category","embeddable":true,"href":"https:\/\/dpsradzymin.pl\/index.php\/wp-json\/wp\/v2\/categories?post=11891"},{"taxonomy":"post_tag","embeddable":true,"href":"https:\/\/dpsradzymin.pl\/index.php\/wp-json\/wp\/v2\/tags?post=11891"}],"curies":[{"name":"wp","href":"https:\/\/api.w.org\/{rel}","templated":true}]}}