{"id":12312,"date":"2026-01-30T12:28:27","date_gmt":"2026-01-30T11:28:27","guid":{"rendered":"https:\/\/dpsradzymin.pl\/?p=12312"},"modified":"2026-02-04T12:32:02","modified_gmt":"2026-02-04T11:32:02","slug":"podziekowania-za-upominki-dla-naszych-seniorow","status":"publish","type":"post","link":"https:\/\/dpsradzymin.pl\/index.php\/2026\/01\/30\/podziekowania-za-upominki-dla-naszych-seniorow\/","title":{"rendered":"Podzi\u0119kowania za upominki dla naszych senior\u00f3w"},"content":{"rendered":"\n<p>Sk\u0142adamy serdeczne podzi\u0119kowania Szkolnemu Ko\u0142u Caritas dzia\u0142aj\u0105cemu przy Szkole Podstawowej nr 1 w Radzyminie za przygotowanie upomink\u00f3w z okazji Dnia Babci i Dziadka dla naszych senior\u00f3w.<\/p>\n\n\n\n<p>Ten pi\u0119kny gest \u017cyczliwo\u015bci, pami\u0119ci i otwartego serca sprawi\u0142 mieszka\u0144com naszego Domu ogromn\u0105 rado\u015b\u0107 oraz wzruszenie. Dzi\u0119ki Pa\u0144stwa zaanga\u017cowaniu i wra\u017cliwo\u015bci poczuli, \u017ce s\u0105 wa\u017cni i otoczeni serdeczn\u0105 pomoc\u0105 m\u0142odego pokolenia.<\/p>\n\n\n\n<p>Taka bezinteresowna pomoc oraz dzielenie si\u0119 dobrem z innymi ma ogromn\u0105 warto\u015b\u0107.<\/p>\n\n\n\n<figure class=\"wp-block-image size-large\"><img loading=\"lazy\" decoding=\"async\" width=\"1024\" height=\"768\" src=\"https:\/\/dpsradzymin.pl\/wp-content\/uploads\/2026\/02\/image-1024x768.png\" alt=\"\" class=\"wp-image-12313\" srcset=\"https:\/\/dpsradzymin.pl\/wp-content\/uploads\/2026\/02\/image-1024x768.png 1024w, https:\/\/dpsradzymin.pl\/wp-content\/uploads\/2026\/02\/image-300x225.png 300w, https:\/\/dpsradzymin.pl\/wp-content\/uploads\/2026\/02\/image-768x576.png 768w, https:\/\/dpsradzymin.pl\/wp-content\/uploads\/2026\/02\/image-1536x1152.png 1536w, https:\/\/dpsradzymin.pl\/wp-content\/uploads\/2026\/02\/image.png 2048w\" sizes=\"auto, (max-width: 1024px) 100vw, 1024px\" \/><\/figure>\n","protected":false},"excerpt":{"rendered":"<p>Sk\u0142adamy serdeczne podzi\u0119kowania Szkolnemu Ko\u0142u Caritas dzia\u0142aj\u0105cemu przy Szkole Podstawowej nr 1 w Radzyminie za przygotowanie upomink\u00f3w z okazji Dnia Babci i Dziadka dla naszych senior\u00f3w. Ten pi\u0119kny gest \u017cyczliwo\u015bci, pami\u0119ci i otwartego serca sprawi\u0142 mieszka\u0144com naszego Domu ogromn\u0105 rado\u015b\u0107 oraz wzruszenie. Dzi\u0119ki Pa\u0144stwa zaanga\u017cowaniu i wra\u017cliwo\u015bci poczuli, \u017ce s\u0105 wa\u017cni i otoczeni serdeczn\u0105 pomoc\u0105 [&hellip;]<\/p>\n","protected":false},"author":1,"featured_media":12313,"comment_status":"closed","ping_status":"open","sticky":false,"template":"","format":"standard","meta":{"footnotes":""},"categories":[5],"tags":[],"class_list":["post-12312","post","type-post","status-publish","format-standard","has-post-thumbnail","hentry","category-aktualnosci"],"_links":{"self":[{"href":"https:\/\/dpsradzymin.pl\/index.php\/wp-json\/wp\/v2\/posts\/12312","targetHints":{"allow":["GET"]}}],"collection":[{"href":"https:\/\/dpsradzymin.pl\/index.php\/wp-json\/wp\/v2\/posts"}],"about":[{"href":"https:\/\/dpsradzymin.pl\/index.php\/wp-json\/wp\/v2\/types\/post"}],"author":[{"embeddable":true,"href":"https:\/\/dpsradzymin.pl\/index.php\/wp-json\/wp\/v2\/users\/1"}],"replies":[{"embeddable":true,"href":"https:\/\/dpsradzymin.pl\/index.php\/wp-json\/wp\/v2\/comments?post=12312"}],"version-history":[{"count":1,"href":"https:\/\/dpsradzymin.pl\/index.php\/wp-json\/wp\/v2\/posts\/12312\/revisions"}],"predecessor-version":[{"id":12314,"href":"https:\/\/dpsradzymin.pl\/index.php\/wp-json\/wp\/v2\/posts\/12312\/revisions\/12314"}],"wp:featuredmedia":[{"embeddable":true,"href":"https:\/\/dpsradzymin.pl\/index.php\/wp-json\/wp\/v2\/media\/12313"}],"wp:attachment":[{"href":"https:\/\/dpsradzymin.pl\/index.php\/wp-json\/wp\/v2\/media?parent=12312"}],"wp:term":[{"taxonomy":"category","embeddable":true,"href":"https:\/\/dpsradzymin.pl\/index.php\/wp-json\/wp\/v2\/categories?post=12312"},{"taxonomy":"post_tag","embeddable":true,"href":"https:\/\/dpsradzymin.pl\/index.php\/wp-json\/wp\/v2\/tags?post=12312"}],"curies":[{"name":"wp","href":"https:\/\/api.w.org\/{rel}","templated":true}]}}