{"id":12315,"date":"2026-02-04T14:20:50","date_gmt":"2026-02-04T13:20:50","guid":{"rendered":"https:\/\/dpsradzymin.pl\/?p=12315"},"modified":"2026-02-09T14:58:58","modified_gmt":"2026-02-09T13:58:58","slug":"jubileusz-50-lecia-pobytu-pana-romana-w-domu-pomocy-spolecznej","status":"publish","type":"post","link":"https:\/\/dpsradzymin.pl\/index.php\/2026\/02\/04\/jubileusz-50-lecia-pobytu-pana-romana-w-domu-pomocy-spolecznej\/","title":{"rendered":"Jubileusz 50- lecia pobytu Pana Romana w Domu Pomocy Spo\u0142ecznej"},"content":{"rendered":"\n<p>W naszym Domu odby\u0142a si\u0119 wyj\u0105tkowa i wzruszaj\u0105ca uroczysto\u015b\u0107 \u2013 \u015bwi\u0119towali\u015bmy 50-lecie pobytu Pana Romana w naszej plac\u00f3wce.<\/p>\n\n\n\n<p>To niezwyk\u0142y jubileusz, kt\u00f3ry jest \u015bwiadectwem wsp\u00f3lnie prze\u017cytych lat, relacji codziennych rozm\u00f3w, u\u015bmiech\u00f3w oraz chwil pe\u0142nych wsparcia i \u017cyczliwo\u015bci.<\/p>\n\n\n\n<p>Pan Roman od p\u00f3\u0142 wieku jest cz\u0119\u015bci\u0105 naszej spo\u0142eczno\u015bci i sta\u0142 si\u0119 te\u017c cz\u0119\u015bci\u0105 historii naszego Domu.<\/p>\n\n\n\n<p>W tym szczeg\u00f3lnym dniu sk\u0142adamy Panu Romanowi wyrazy uznania oraz najserdeczniejsze \u017cyczenia: zdrowia, spokoju, pogody ducha i wielu kolejnych dni wype\u0142nionych \u017cyczliwo\u015bci\u0105 i serdeczno\u015bci\u0105. Niech ka\u017cdy dzie\u0144 przynosi Panu poczucie bezpiecze\u0144stwa, szacunku i rado\u015bci z ma\u0142ych chwil.<\/p>\n\n\n\n<p>Ta niezwyk\u0142a uroczysto\u015b\u0107 by\u0142a okazj\u0105 do wspomnie\u0144, rozm\u00f3w oraz wsp\u00f3lnego \u015bwi\u0119towania w atmosferze wdzi\u0119czno\u015bci i rado\u015bci .<\/p>\n\n\n\n<figure class=\"wp-block-image size-large\"><img loading=\"lazy\" decoding=\"async\" width=\"768\" height=\"1024\" src=\"https:\/\/dpsradzymin.pl\/wp-content\/uploads\/2026\/02\/image-1-768x1024.png\" alt=\"\" class=\"wp-image-12316\" srcset=\"https:\/\/dpsradzymin.pl\/wp-content\/uploads\/2026\/02\/image-1-768x1024.png 768w, https:\/\/dpsradzymin.pl\/wp-content\/uploads\/2026\/02\/image-1-225x300.png 225w, https:\/\/dpsradzymin.pl\/wp-content\/uploads\/2026\/02\/image-1-1152x1536.png 1152w, https:\/\/dpsradzymin.pl\/wp-content\/uploads\/2026\/02\/image-1.png 1536w\" sizes=\"auto, (max-width: 768px) 100vw, 768px\" \/><\/figure>\n\n\n\n<figure class=\"wp-block-image size-large\"><img loading=\"lazy\" decoding=\"async\" width=\"1024\" height=\"768\" src=\"https:\/\/dpsradzymin.pl\/wp-content\/uploads\/2026\/02\/image-4-1024x768.png\" alt=\"\" class=\"wp-image-12319\" srcset=\"https:\/\/dpsradzymin.pl\/wp-content\/uploads\/2026\/02\/image-4-1024x768.png 1024w, https:\/\/dpsradzymin.pl\/wp-content\/uploads\/2026\/02\/image-4-300x225.png 300w, https:\/\/dpsradzymin.pl\/wp-content\/uploads\/2026\/02\/image-4-768x576.png 768w, https:\/\/dpsradzymin.pl\/wp-content\/uploads\/2026\/02\/image-4-1536x1152.png 1536w, https:\/\/dpsradzymin.pl\/wp-content\/uploads\/2026\/02\/image-4.png 2048w\" sizes=\"auto, (max-width: 1024px) 100vw, 1024px\" \/><\/figure>\n\n\n\n<figure class=\"wp-block-image size-full\"><img loading=\"lazy\" decoding=\"async\" width=\"1024\" height=\"768\" src=\"https:\/\/dpsradzymin.pl\/wp-content\/uploads\/2026\/02\/image-5.png\" alt=\"\" class=\"wp-image-12345\" srcset=\"https:\/\/dpsradzymin.pl\/wp-content\/uploads\/2026\/02\/image-5.png 1024w, https:\/\/dpsradzymin.pl\/wp-content\/uploads\/2026\/02\/image-5-300x225.png 300w, https:\/\/dpsradzymin.pl\/wp-content\/uploads\/2026\/02\/image-5-768x576.png 768w\" sizes=\"auto, (max-width: 1024px) 100vw, 1024px\" \/><\/figure>\n\n\n\n<figure class=\"wp-block-image size-full\"><img loading=\"lazy\" decoding=\"async\" width=\"1024\" height=\"768\" src=\"https:\/\/dpsradzymin.pl\/wp-content\/uploads\/2026\/02\/image-6.png\" alt=\"\" class=\"wp-image-12346\" srcset=\"https:\/\/dpsradzymin.pl\/wp-content\/uploads\/2026\/02\/image-6.png 1024w, https:\/\/dpsradzymin.pl\/wp-content\/uploads\/2026\/02\/image-6-300x225.png 300w, https:\/\/dpsradzymin.pl\/wp-content\/uploads\/2026\/02\/image-6-768x576.png 768w\" sizes=\"auto, (max-width: 1024px) 100vw, 1024px\" \/><\/figure>\n\n\n\n<figure class=\"wp-block-image size-full\"><img loading=\"lazy\" decoding=\"async\" width=\"1024\" height=\"768\" src=\"https:\/\/dpsradzymin.pl\/wp-content\/uploads\/2026\/02\/image-7.png\" alt=\"\" class=\"wp-image-12347\" srcset=\"https:\/\/dpsradzymin.pl\/wp-content\/uploads\/2026\/02\/image-7.png 1024w, https:\/\/dpsradzymin.pl\/wp-content\/uploads\/2026\/02\/image-7-300x225.png 300w, https:\/\/dpsradzymin.pl\/wp-content\/uploads\/2026\/02\/image-7-768x576.png 768w\" sizes=\"auto, (max-width: 1024px) 100vw, 1024px\" \/><\/figure>\n","protected":false},"excerpt":{"rendered":"<p>W naszym Domu odby\u0142a si\u0119 wyj\u0105tkowa i wzruszaj\u0105ca uroczysto\u015b\u0107 \u2013 \u015bwi\u0119towali\u015bmy 50-lecie pobytu Pana Romana w naszej plac\u00f3wce. To niezwyk\u0142y jubileusz, kt\u00f3ry jest \u015bwiadectwem wsp\u00f3lnie prze\u017cytych lat, relacji codziennych rozm\u00f3w, u\u015bmiech\u00f3w oraz chwil pe\u0142nych wsparcia i \u017cyczliwo\u015bci. Pan Roman od p\u00f3\u0142 wieku jest cz\u0119\u015bci\u0105 naszej spo\u0142eczno\u015bci i sta\u0142 si\u0119 te\u017c cz\u0119\u015bci\u0105 historii naszego Domu. W [&hellip;]<\/p>\n","protected":false},"author":1,"featured_media":12319,"comment_status":"closed","ping_status":"open","sticky":false,"template":"","format":"standard","meta":{"footnotes":""},"categories":[5],"tags":[],"class_list":["post-12315","post","type-post","status-publish","format-standard","has-post-thumbnail","hentry","category-aktualnosci"],"_links":{"self":[{"href":"https:\/\/dpsradzymin.pl\/index.php\/wp-json\/wp\/v2\/posts\/12315","targetHints":{"allow":["GET"]}}],"collection":[{"href":"https:\/\/dpsradzymin.pl\/index.php\/wp-json\/wp\/v2\/posts"}],"about":[{"href":"https:\/\/dpsradzymin.pl\/index.php\/wp-json\/wp\/v2\/types\/post"}],"author":[{"embeddable":true,"href":"https:\/\/dpsradzymin.pl\/index.php\/wp-json\/wp\/v2\/users\/1"}],"replies":[{"embeddable":true,"href":"https:\/\/dpsradzymin.pl\/index.php\/wp-json\/wp\/v2\/comments?post=12315"}],"version-history":[{"count":4,"href":"https:\/\/dpsradzymin.pl\/index.php\/wp-json\/wp\/v2\/posts\/12315\/revisions"}],"predecessor-version":[{"id":12348,"href":"https:\/\/dpsradzymin.pl\/index.php\/wp-json\/wp\/v2\/posts\/12315\/revisions\/12348"}],"wp:featuredmedia":[{"embeddable":true,"href":"https:\/\/dpsradzymin.pl\/index.php\/wp-json\/wp\/v2\/media\/12319"}],"wp:attachment":[{"href":"https:\/\/dpsradzymin.pl\/index.php\/wp-json\/wp\/v2\/media?parent=12315"}],"wp:term":[{"taxonomy":"category","embeddable":true,"href":"https:\/\/dpsradzymin.pl\/index.php\/wp-json\/wp\/v2\/categories?post=12315"},{"taxonomy":"post_tag","embeddable":true,"href":"https:\/\/dpsradzymin.pl\/index.php\/wp-json\/wp\/v2\/tags?post=12315"}],"curies":[{"name":"wp","href":"https:\/\/api.w.org\/{rel}","templated":true}]}}