{"id":12566,"date":"2026-08-27T15:55:37","date_gmt":"2026-08-27T13:55:37","guid":{"rendered":"https:\/\/dpsradzymin.pl\/?p=12566"},"modified":"2026-08-31T09:12:52","modified_gmt":"2026-08-31T07:12:52","slug":"integracyjny-piknik-country","status":"publish","type":"post","link":"https:\/\/dpsradzymin.pl\/index.php\/2026\/08\/27\/integracyjny-piknik-country\/","title":{"rendered":"Integracyjny Piknik Country"},"content":{"rendered":"\n<p class=\"wp-block-paragraph\">27 sierpnia ogr\u00f3d naszego Domu zamieni\u0142 si\u0119 w pe\u0142ne rado\u015bci i kolor\u00f3w miejsce w prawdziwie countrowym klimacie. Tego dnia odby\u0142 si\u0119 nasz integracyjny Piknik Country, kt\u00f3ry zgromadzi\u0142 Mieszka\u0144c\u00f3w, pracownik\u00f3w oraz zaproszonych Go\u015bci.<\/p>\n\n\n\n<p class=\"wp-block-paragraph\">S\u0142oneczna pogoda, muzyka, naturalne dekoracje, kwiaty, kosze pe\u0142ne owoc\u00f3w, kraciaste tkaniny, kowbojskie kapelusze, bele siana i gitara stworzy\u0142y wyj\u0105tkow\u0105, sielsk\u0105 sceneri\u0119.<\/p>\n\n\n\n<p class=\"wp-block-paragraph\">Na uczestnik\u00f3w czeka\u0142o wiele atrakcji. By\u0142y wsp\u00f3lne zabawy i konkursy, kt\u00f3re dostarczy\u0142y mn\u00f3stwo \u015bmiechu i pozytywnych emocji. Nie zabrak\u0142o r\u00f3wnie\u017c ta\u0144c\u00f3w \u2013 parkiet szybko wype\u0142ni\u0142 si\u0119 uczestnikami, a muzyka porwa\u0142a do wsp\u00f3lnej zabawy zar\u00f3wno naszych Mieszka\u0144c\u00f3w, jak i Go\u015bci.<\/p>\n\n\n\n<p class=\"wp-block-paragraph\">By\u0142 tak\u017ce czas na rozmowy, odpoczynek i wsp\u00f3lne biesiadowanie przy grillowanych przysmakach oraz s\u0142odkim pocz\u0119stunku.<\/p>\n\n\n\n<p class=\"wp-block-paragraph\">Piknik sta\u0142 si\u0119 przede wszystkim okazj\u0105 do integracji, spotkania z drugim cz\u0142owiekiem i wsp\u00f3lnego prze\u017cywania radosnych chwil. U\u015bmiechy uczestnik\u00f3w najlepiej pokaza\u0142y, jak wiele znacz\u0105 takie spotkania i jak pi\u0119kne wspomnienia potrafi\u0105 pozostawi\u0107.<\/p>\n\n\n\n<p class=\"wp-block-paragraph\">Serdecznie dzi\u0119kujemy wszystkim Go\u015bciom &#8211; Staro\u015bcie Powiatu Wo\u0142omi\u0144skiego Panu Arkadiuszowi Werelichowi, Cz\u0142onkowi Zarz\u0105du Panu Robertowi Roguskiemu, Zast\u0119pcy Dyrektora PCPR Pani Agacie \u017b\u0119dzian-Andrzejczyk oraz wspania\u0142ym Go\u015bciom z zaprzyja\u017anionych plac\u00f3wek za przybycie, wsp\u00f3ln\u0105 zabaw\u0119 oraz stworzenie razem z nami tej niezwyk\u0142ej atmosfery.<\/p>\n\n\n\n<p class=\"wp-block-paragraph\">Panu W\u0142odzimierzowi Karasi\u0144skiemu bardzo dzi\u0119kujemy za repertuar muzyczny i ca\u0142\u0105 jego opraw\u0119.<\/p>\n\n\n\n<p class=\"wp-block-paragraph\">\u201e Najpi\u0119kniejsze chwile nie potrzebuj\u0105 wielkiego przepychu &#8211; wystarczy by\u0107 razem \u201d .<\/p>\n\n\n\n<figure class=\"wp-block-image size-large\"><img loading=\"lazy\" decoding=\"async\" width=\"768\" height=\"1024\" src=\"https:\/\/dpsradzymin.pl\/wp-content\/uploads\/2026\/08\/image-768x1024-1.png\" alt=\"\" class=\"wp-image-12567\" srcset=\"https:\/\/dpsradzymin.pl\/wp-content\/uploads\/2026\/08\/image-768x1024-1.png 768w, https:\/\/dpsradzymin.pl\/wp-content\/uploads\/2026\/08\/image-225x300.png 225w, https:\/\/dpsradzymin.pl\/wp-content\/uploads\/2026\/08\/image-1152x1536.png 1152w, https:\/\/dpsradzymin.pl\/wp-content\/uploads\/2026\/08\/image.png 1536w\" sizes=\"auto, (max-width: 768px) 100vw, 768px\" \/><\/figure>\n\n\n\n<figure class=\"wp-block-image size-large\"><img loading=\"lazy\" decoding=\"async\" width=\"768\" height=\"1024\" src=\"https:\/\/dpsradzymin.pl\/wp-content\/uploads\/2026\/08\/image-1-768x1024-1.png\" alt=\"\" class=\"wp-image-12568\" srcset=\"https:\/\/dpsradzymin.pl\/wp-content\/uploads\/2026\/08\/image-1-768x1024-1.png 768w, https:\/\/dpsradzymin.pl\/wp-content\/uploads\/2026\/08\/image-1-225x300.png 225w, https:\/\/dpsradzymin.pl\/wp-content\/uploads\/2026\/08\/image-1-1152x1536.png 1152w, https:\/\/dpsradzymin.pl\/wp-content\/uploads\/2026\/08\/image-1.png 1536w\" sizes=\"auto, (max-width: 768px) 100vw, 768px\" \/><\/figure>\n\n\n\n<figure class=\"wp-block-image size-large\"><img loading=\"lazy\" decoding=\"async\" width=\"1024\" height=\"768\" src=\"https:\/\/dpsradzymin.pl\/wp-content\/uploads\/2026\/08\/image-2-1024x768.png\" alt=\"\" class=\"wp-image-12569\" srcset=\"https:\/\/dpsradzymin.pl\/wp-content\/uploads\/2026\/08\/image-2-1024x768.png 1024w, https:\/\/dpsradzymin.pl\/wp-content\/uploads\/2026\/08\/image-2-768x576.png 768w, https:\/\/dpsradzymin.pl\/wp-content\/uploads\/2026\/08\/image-2-300x225.png 300w, https:\/\/dpsradzymin.pl\/wp-content\/uploads\/2026\/08\/image-2-1536x1152.png 1536w, https:\/\/dpsradzymin.pl\/wp-content\/uploads\/2026\/08\/image-2.png 2048w\" sizes=\"auto, (max-width: 1024px) 100vw, 1024px\" \/><\/figure>\n\n\n\n<figure class=\"wp-block-image size-large\"><img loading=\"lazy\" decoding=\"async\" width=\"1024\" height=\"768\" src=\"https:\/\/dpsradzymin.pl\/wp-content\/uploads\/2026\/08\/image-3-1024x768.png\" alt=\"\" class=\"wp-image-12570\" srcset=\"https:\/\/dpsradzymin.pl\/wp-content\/uploads\/2026\/08\/image-3-1024x768.png 1024w, https:\/\/dpsradzymin.pl\/wp-content\/uploads\/2026\/08\/image-3-300x225.png 300w, https:\/\/dpsradzymin.pl\/wp-content\/uploads\/2026\/08\/image-3-768x576.png 768w, https:\/\/dpsradzymin.pl\/wp-content\/uploads\/2026\/08\/image-3-1536x1152.png 1536w, https:\/\/dpsradzymin.pl\/wp-content\/uploads\/2026\/08\/image-3.png 2048w\" sizes=\"auto, (max-width: 1024px) 100vw, 1024px\" \/><\/figure>\n\n\n\n<figure class=\"wp-block-image size-large\"><img loading=\"lazy\" decoding=\"async\" width=\"1024\" height=\"768\" src=\"https:\/\/dpsradzymin.pl\/wp-content\/uploads\/2026\/08\/image-5-1024x768.png\" alt=\"\" class=\"wp-image-12572\" srcset=\"https:\/\/dpsradzymin.pl\/wp-content\/uploads\/2026\/08\/image-5-1024x768.png 1024w, https:\/\/dpsradzymin.pl\/wp-content\/uploads\/2026\/08\/image-5-300x225.png 300w, https:\/\/dpsradzymin.pl\/wp-content\/uploads\/2026\/08\/image-5-768x576.png 768w, https:\/\/dpsradzymin.pl\/wp-content\/uploads\/2026\/08\/image-5-1536x1152.png 1536w, https:\/\/dpsradzymin.pl\/wp-content\/uploads\/2026\/08\/image-5.png 2048w\" sizes=\"auto, (max-width: 1024px) 100vw, 1024px\" \/><\/figure>\n\n\n\n<figure class=\"wp-block-image size-large\"><img loading=\"lazy\" decoding=\"async\" width=\"768\" height=\"1024\" src=\"https:\/\/dpsradzymin.pl\/wp-content\/uploads\/2026\/08\/image-6-768x1024-1.png\" alt=\"\" class=\"wp-image-12573\" srcset=\"https:\/\/dpsradzymin.pl\/wp-content\/uploads\/2026\/08\/image-6-768x1024-1.png 768w, https:\/\/dpsradzymin.pl\/wp-content\/uploads\/2026\/08\/image-6-225x300.png 225w, https:\/\/dpsradzymin.pl\/wp-content\/uploads\/2026\/08\/image-6-1152x1536.png 1152w, https:\/\/dpsradzymin.pl\/wp-content\/uploads\/2026\/08\/image-6.png 1536w\" sizes=\"auto, (max-width: 768px) 100vw, 768px\" \/><\/figure>\n","protected":false},"excerpt":{"rendered":"<p>27 sierpnia ogr\u00f3d naszego Domu zamieni\u0142 si\u0119 w pe\u0142ne rado\u015bci i kolor\u00f3w miejsce w prawdziwie countrowym klimacie. Tego dnia odby\u0142 si\u0119 nasz integracyjny Piknik Country, kt\u00f3ry zgromadzi\u0142 Mieszka\u0144c\u00f3w, pracownik\u00f3w oraz zaproszonych Go\u015bci. S\u0142oneczna pogoda, muzyka, naturalne dekoracje, kwiaty, kosze pe\u0142ne owoc\u00f3w, kraciaste tkaniny, kowbojskie kapelusze, bele siana i gitara stworzy\u0142y wyj\u0105tkow\u0105, sielsk\u0105 sceneri\u0119. Na uczestnik\u00f3w [&hellip;]<\/p>\n","protected":false},"author":1,"featured_media":12567,"comment_status":"closed","ping_status":"open","sticky":false,"template":"","format":"standard","meta":{"footnotes":""},"categories":[5],"tags":[],"class_list":["post-12566","post","type-post","status-publish","format-standard","has-post-thumbnail","hentry","category-aktualnosci"],"_links":{"self":[{"href":"https:\/\/dpsradzymin.pl\/index.php\/wp-json\/wp\/v2\/posts\/12566","targetHints":{"allow":["GET"]}}],"collection":[{"href":"https:\/\/dpsradzymin.pl\/index.php\/wp-json\/wp\/v2\/posts"}],"about":[{"href":"https:\/\/dpsradzymin.pl\/index.php\/wp-json\/wp\/v2\/types\/post"}],"author":[{"embeddable":true,"href":"https:\/\/dpsradzymin.pl\/index.php\/wp-json\/wp\/v2\/users\/1"}],"replies":[{"embeddable":true,"href":"https:\/\/dpsradzymin.pl\/index.php\/wp-json\/wp\/v2\/comments?post=12566"}],"version-history":[{"count":2,"href":"https:\/\/dpsradzymin.pl\/index.php\/wp-json\/wp\/v2\/posts\/12566\/revisions"}],"predecessor-version":[{"id":12575,"href":"https:\/\/dpsradzymin.pl\/index.php\/wp-json\/wp\/v2\/posts\/12566\/revisions\/12575"}],"wp:featuredmedia":[{"embeddable":true,"href":"https:\/\/dpsradzymin.pl\/index.php\/wp-json\/wp\/v2\/media\/12567"}],"wp:attachment":[{"href":"https:\/\/dpsradzymin.pl\/index.php\/wp-json\/wp\/v2\/media?parent=12566"}],"wp:term":[{"taxonomy":"category","embeddable":true,"href":"https:\/\/dpsradzymin.pl\/index.php\/wp-json\/wp\/v2\/categories?post=12566"},{"taxonomy":"post_tag","embeddable":true,"href":"https:\/\/dpsradzymin.pl\/index.php\/wp-json\/wp\/v2\/tags?post=12566"}],"curies":[{"name":"wp","href":"https:\/\/api.w.org\/{rel}","templated":true}]}}