{"id":6463,"date":"2019-10-21T10:45:27","date_gmt":"2019-10-21T08:45:27","guid":{"rendered":"http:\/\/test.dpsradzymin.pl\/?p=6463"},"modified":"2023-09-06T11:55:58","modified_gmt":"2023-09-06T09:55:58","slug":"dzien-pracownika-socjalnego-w-domu-pomocy-spolecznej-w-radzyminie","status":"publish","type":"post","link":"https:\/\/dpsradzymin.pl\/index.php\/2019\/10\/21\/dzien-pracownika-socjalnego-w-domu-pomocy-spolecznej-w-radzyminie\/","title":{"rendered":"Dzie\u0144 Pracownika Socjalnego w Domu Pomocy Spo\u0142ecznej w Radzyminie"},"content":{"rendered":"<p><strong>21 pa\u017adziernika 2019 r.<\/strong><\/p>\n<p><em>\u201eMiar\u0105 Twojego cz\u0142owiecze\u0144stwa jest wielko\u015b\u0107 Twojej troski o drugiego cz\u0142owieka\u201d.<\/em><br \/><em>Ks. Mieczys\u0142aw Mali\u0144ski<\/em><\/p>\n<p>Dzie\u0144 Pracownika Socjalnego w Polsce zosta\u0142 ustanowiony w 1990 roku. Jest on dowodem wdzi\u0119czno\u015bci i uznania zas\u0142ug dla wszystkich pracownik\u00f3w s\u0142u\u017cb spo\u0142ecznych, a w szczeg\u00f3lno\u015bci pracownik\u00f3w socjalnych, kt\u00f3rych rol\u0105 jest codzienna pomoc i opieka nad osobami chorymi, starszymi, wykluczonymi spo\u0142ecznie, potrzebuj\u0105cymi pomocy ze strony instytucji. Dla wielu z tych os\u00f3b nasze wsparcie daje poczucie bezpiecze\u0144stwa i pozwala wierzy\u0107, \u017ce \u017cycie stanie si\u0119 zno\u015bniejsze.<\/p>\n<p>W radzymi\u0144skim Domu Pomocy to jak w wielu tego typu instytucjach dzie\u0144 szczeg\u00f3lny.<br \/>Pracownicy mieli mo\u017cliwo\u015b\u0107 celebrowania\u00a0 swojego \u015bwi\u0119ta\u00a0 na pi\u0119knie\u00a0 przygotowanej sali .<br \/>Byli\u015bmy razem. Mieli\u015bmy mo\u017cliwo\u015b\u0107 wymiany spostrze\u017ce\u0144 dotycz\u0105cych naszej pracy. By\u0142 to r\u00f3wnie\u017c dla nas pracownik\u00f3w czas relaksu od tygodniowej gonitwy.<\/p>\n<p>Dzie\u0144 Pracownika Socjalnego to tak\u017ce okazja do sk\u0142adania sobie wzajemnie \u017cycze\u0144.<br \/>Pracownicy otrzymali je od pani dyrektor Jolanty Cha\u0142upki wraz z przekazan\u0105 ka\u017cdemu z nas premi\u0105 i biletami do Kina Kultura na wyst\u0119p\u00a0 Kabaretu Jurki. Jak co roku, kilkoro pracownik\u00f3w zosta\u0142o szczeg\u00f3lnie uhonorowanych za swoj\u0105 efektywn\u0105 prac\u0119 kolorowym bukietem kwiat\u00f3w i pisemnym podzi\u0119kowaniem za zaanga\u017cowanie w wype\u0142nianiu codziennych obowi\u0105zk\u00f3w. Delegacja pracownik\u00f3w\u00a0 i przewodnicz\u0105ca Rady Mieszka\u0144c\u00f3w podzi\u0119kowa\u0142a pani dyrektor za wra\u017cliwo\u015b\u0107, wyrozumia\u0142o\u015b\u0107 i wielkie serce okazywane na co dzie\u0144 ka\u017cdemu z nas. Ten szczeg\u00f3lny dla nas dzie\u0144 up\u0142yn\u0105\u0142 w mi\u0142ej atmosferze.<\/p>\n<p><em>Tekst: A. Przybysz<\/em><\/p>\n<p>\u00a0<\/p>\n\n\n<figure class=\"wp-block-gallery has-nested-images columns-default is-cropped wp-block-gallery-1 is-layout-flex wp-block-gallery-is-layout-flex\">\n<figure class=\"wp-block-image size-large\"><img loading=\"lazy\" decoding=\"async\" width=\"1024\" height=\"768\" data-id=\"9865\" src=\"http:\/\/wp2.dpsradzymin.pl\/wp-content\/uploads\/2023\/09\/image001-8-scaled-1-1024x768.jpg\" alt=\"\" class=\"wp-image-9865\" srcset=\"https:\/\/dpsradzymin.pl\/wp-content\/uploads\/2023\/09\/image001-8-scaled-1-1024x768.jpg 1024w, https:\/\/dpsradzymin.pl\/wp-content\/uploads\/2023\/09\/image001-8-scaled-1-300x225.jpg 300w, https:\/\/dpsradzymin.pl\/wp-content\/uploads\/2023\/09\/image001-8-scaled-1-768x576.jpg 768w, https:\/\/dpsradzymin.pl\/wp-content\/uploads\/2023\/09\/image001-8-scaled-1-1536x1152.jpg 1536w, https:\/\/dpsradzymin.pl\/wp-content\/uploads\/2023\/09\/image001-8-scaled-1.jpg 1800w\" sizes=\"auto, (max-width: 1024px) 100vw, 1024px\" \/><\/figure>\n\n\n\n<figure class=\"wp-block-image size-large\"><img loading=\"lazy\" decoding=\"async\" width=\"1024\" height=\"768\" data-id=\"9866\" src=\"http:\/\/wp2.dpsradzymin.pl\/wp-content\/uploads\/2023\/09\/image002-9-scaled-1-1024x768.jpg\" alt=\"\" class=\"wp-image-9866\" srcset=\"https:\/\/dpsradzymin.pl\/wp-content\/uploads\/2023\/09\/image002-9-scaled-1-1024x768.jpg 1024w, https:\/\/dpsradzymin.pl\/wp-content\/uploads\/2023\/09\/image002-9-scaled-1-300x225.jpg 300w, https:\/\/dpsradzymin.pl\/wp-content\/uploads\/2023\/09\/image002-9-scaled-1-768x576.jpg 768w, https:\/\/dpsradzymin.pl\/wp-content\/uploads\/2023\/09\/image002-9-scaled-1-1536x1152.jpg 1536w, https:\/\/dpsradzymin.pl\/wp-content\/uploads\/2023\/09\/image002-9-scaled-1.jpg 1800w\" sizes=\"auto, (max-width: 1024px) 100vw, 1024px\" \/><\/figure>\n\n\n\n<figure class=\"wp-block-image size-large\"><img loading=\"lazy\" decoding=\"async\" width=\"1024\" height=\"768\" data-id=\"9867\" src=\"http:\/\/wp2.dpsradzymin.pl\/wp-content\/uploads\/2023\/09\/image003-9-scaled-1-1024x768.jpg\" alt=\"\" class=\"wp-image-9867\" srcset=\"https:\/\/dpsradzymin.pl\/wp-content\/uploads\/2023\/09\/image003-9-scaled-1-1024x768.jpg 1024w, https:\/\/dpsradzymin.pl\/wp-content\/uploads\/2023\/09\/image003-9-scaled-1-300x225.jpg 300w, https:\/\/dpsradzymin.pl\/wp-content\/uploads\/2023\/09\/image003-9-scaled-1-768x576.jpg 768w, https:\/\/dpsradzymin.pl\/wp-content\/uploads\/2023\/09\/image003-9-scaled-1-1536x1152.jpg 1536w, https:\/\/dpsradzymin.pl\/wp-content\/uploads\/2023\/09\/image003-9-scaled-1.jpg 1800w\" sizes=\"auto, (max-width: 1024px) 100vw, 1024px\" \/><\/figure>\n<\/figure>\n","protected":false},"excerpt":{"rendered":"<p>21 pa\u017adziernika 2019 r. \u201eMiar\u0105 Twojego cz\u0142owiecze\u0144stwa jest wielko\u015b\u0107 Twojej troski o drugiego cz\u0142owieka\u201d.Ks. Mieczys\u0142aw Mali\u0144ski Dzie\u0144 Pracownika Socjalnego w Polsce zosta\u0142 ustanowiony w 1990 roku. Jest on dowodem wdzi\u0119czno\u015bci i uznania zas\u0142ug dla wszystkich pracownik\u00f3w s\u0142u\u017cb spo\u0142ecznych, a w szczeg\u00f3lno\u015bci pracownik\u00f3w socjalnych, kt\u00f3rych rol\u0105 jest codzienna pomoc i opieka nad osobami chorymi, starszymi, wykluczonymi [&hellip;]<\/p>\n","protected":false},"author":1,"featured_media":9867,"comment_status":"closed","ping_status":"open","sticky":false,"template":"","format":"standard","meta":{"footnotes":""},"categories":[5],"tags":[],"class_list":["post-6463","post","type-post","status-publish","format-standard","has-post-thumbnail","hentry","category-aktualnosci"],"_links":{"self":[{"href":"https:\/\/dpsradzymin.pl\/index.php\/wp-json\/wp\/v2\/posts\/6463","targetHints":{"allow":["GET"]}}],"collection":[{"href":"https:\/\/dpsradzymin.pl\/index.php\/wp-json\/wp\/v2\/posts"}],"about":[{"href":"https:\/\/dpsradzymin.pl\/index.php\/wp-json\/wp\/v2\/types\/post"}],"author":[{"embeddable":true,"href":"https:\/\/dpsradzymin.pl\/index.php\/wp-json\/wp\/v2\/users\/1"}],"replies":[{"embeddable":true,"href":"https:\/\/dpsradzymin.pl\/index.php\/wp-json\/wp\/v2\/comments?post=6463"}],"version-history":[{"count":2,"href":"https:\/\/dpsradzymin.pl\/index.php\/wp-json\/wp\/v2\/posts\/6463\/revisions"}],"predecessor-version":[{"id":9869,"href":"https:\/\/dpsradzymin.pl\/index.php\/wp-json\/wp\/v2\/posts\/6463\/revisions\/9869"}],"wp:featuredmedia":[{"embeddable":true,"href":"https:\/\/dpsradzymin.pl\/index.php\/wp-json\/wp\/v2\/media\/9867"}],"wp:attachment":[{"href":"https:\/\/dpsradzymin.pl\/index.php\/wp-json\/wp\/v2\/media?parent=6463"}],"wp:term":[{"taxonomy":"category","embeddable":true,"href":"https:\/\/dpsradzymin.pl\/index.php\/wp-json\/wp\/v2\/categories?post=6463"},{"taxonomy":"post_tag","embeddable":true,"href":"https:\/\/dpsradzymin.pl\/index.php\/wp-json\/wp\/v2\/tags?post=6463"}],"curies":[{"name":"wp","href":"https:\/\/api.w.org\/{rel}","templated":true}]}}