{"id":6570,"date":"2019-09-25T11:07:21","date_gmt":"2019-09-25T09:07:21","guid":{"rendered":"http:\/\/test.dpsradzymin.pl\/?p=6570"},"modified":"2023-09-06T11:52:33","modified_gmt":"2023-09-06T09:52:33","slug":"familijne-pozegnanie-lata-w-domu-pomocy-spolecznej-w-branszczyku","status":"publish","type":"post","link":"https:\/\/dpsradzymin.pl\/index.php\/2019\/09\/25\/familijne-pozegnanie-lata-w-domu-pomocy-spolecznej-w-branszczyku\/","title":{"rendered":"Familijne po\u017cegnanie lata w Domu Pomocy Spo\u0142ecznej w Bra\u0144szczyku"},"content":{"rendered":"<p><strong>25 wrze\u015bnia 2019 r.<\/strong><\/p>\n<p><em>\u201e Ka\u017cdy ma swoje Kilimand\u017caro, dla jednego wstanie z \u0142\u00f3\u017cka jest wyzwaniem, dla drugiego obej\u015bcie <\/em><br \/><em>\u00a0\u00a0 kopca Ko\u015bciuszki\u201d &#8211;\u00a0\u00a0 Anna Dymna<\/em><\/p>\n<p>Ch\u0119tni\u00a0 mieszka\u0144cy\u00a0 naszego Domu wraz z pani\u0105 dyrektor Jolant\u0105 Cha\u0142upk\u0105 i terapeutkami uczestniczyli w jesiennym pikniku zorganizowanym przez Dom Pomocy Spo\u0142ecznej w Bra\u0144szczyku. By\u0142o to spotkanie integracyjne os\u00f3b niepe\u0142nosprawnych i ich rodzin, a tak\u017ce zaproszonych go\u015bci z dom\u00f3w pomocy, warsztat\u00f3w terapii zaj\u0119ciowej i innych instytucji.<\/p>\n<p>Bawili\u015bmy si\u0119 wy\u015bmienicie na wojskow\u0105 nut\u0119 w rytm dobrze wszystkim znanych przeboj\u00f3w z czas\u00f3w festiwalu w Ko\u0142obrzegu. Dopisywa\u0142a pogoda i doskona\u0142e nastroje.<\/p>\n<p>Widowisko przygotowane przez mieszka\u0144c\u00f3w i pracownik\u00f3w DPS w Bra\u0144szczyku by\u0142o powodem zachwytu i uznania ca\u0142ej widowni. Z wielkim zainteresowaniem przygl\u0105dali\u015bmy si\u0119 uczniom wyszkowskiej grupy reprezentacyjnej klasy wojskowej, daj\u0105cej pokaz sztuk walki wr\u0119cz, technik samoobrony, wojskowej musztry i mro\u017c\u0105cych krew w \u017cy\u0142ach \u0107wicze\u0144 wytrzyma\u0142o\u015bciowych.<br \/>W\u015br\u00f3d tylu atrakcji znale\u017ali\u015bmy te\u017c czas aby obejrze\u0107\u00a0\u00a0 r\u0119kodzie\u0142o wykonane przez mieszka\u0144c\u00f3w DPS w Bra\u0144szczyku w pracowni terapeutycznej. Oczywi\u015bcie piknik wojskowy nie m\u00f3g\u0142 si\u0119 obej\u015b\u0107 bez prawdziwej wojskowej groch\u00f3wki. Nie zabrak\u0142o ani groch\u00f3wki, ani innych pyszno\u015bci.<br \/>Wracali\u015bmy do Radzymina z du\u017cym niedosytem. Dzie\u0144 szybko si\u0119 zako\u0144czy\u0142 a my wci\u0105\u017c mieli\u015bmy niedosyt atrakcji.<\/p>\n<p>Dzi\u0119kujemy dyrektorowi Domu Pomocy Spo\u0142ecznej w Bra\u0144szczyku za zaproszenie nas na wspania\u0142y familijny piknik. Jeste\u015bmy pe\u0142ni uznania dla wspania\u0142ej realizacji tego trudnego przedsi\u0119wzi\u0119cia.<\/p>\n<p><em>Tekst:\u00a0 A. Przybysz<\/em><\/p>\n<p>\u00a0<\/p>\n\n\n<figure class=\"wp-block-gallery has-nested-images columns-default is-cropped wp-block-gallery-1 is-layout-flex wp-block-gallery-is-layout-flex\">\n<figure class=\"wp-block-image size-large\"><img loading=\"lazy\" decoding=\"async\" width=\"1024\" height=\"683\" data-id=\"9851\" src=\"http:\/\/wp2.dpsradzymin.pl\/wp-content\/uploads\/2023\/09\/image001-13.jpg\" alt=\"\" class=\"wp-image-9851\" srcset=\"https:\/\/dpsradzymin.pl\/wp-content\/uploads\/2023\/09\/image001-13.jpg 1024w, https:\/\/dpsradzymin.pl\/wp-content\/uploads\/2023\/09\/image001-13-300x200.jpg 300w, https:\/\/dpsradzymin.pl\/wp-content\/uploads\/2023\/09\/image001-13-768x512.jpg 768w\" sizes=\"auto, (max-width: 1024px) 100vw, 1024px\" \/><\/figure>\n\n\n\n<figure class=\"wp-block-image size-large\"><img loading=\"lazy\" decoding=\"async\" width=\"1015\" height=\"761\" data-id=\"9862\" src=\"http:\/\/wp2.dpsradzymin.pl\/wp-content\/uploads\/2023\/09\/image003-14-scaled-1-edited.jpg\" alt=\"\" class=\"wp-image-9862\" srcset=\"https:\/\/dpsradzymin.pl\/wp-content\/uploads\/2023\/09\/image003-14-scaled-1-edited.jpg 1015w, https:\/\/dpsradzymin.pl\/wp-content\/uploads\/2023\/09\/image003-14-scaled-1-edited-300x225.jpg 300w, https:\/\/dpsradzymin.pl\/wp-content\/uploads\/2023\/09\/image003-14-scaled-1-edited-768x576.jpg 768w\" sizes=\"auto, (max-width: 1015px) 100vw, 1015px\" \/><\/figure>\n\n\n\n<figure class=\"wp-block-image size-large\"><img loading=\"lazy\" decoding=\"async\" width=\"1015\" height=\"761\" data-id=\"9861\" src=\"http:\/\/wp2.dpsradzymin.pl\/wp-content\/uploads\/2023\/09\/image004-13-scaled-1-edited.jpg\" alt=\"\" class=\"wp-image-9861\" srcset=\"https:\/\/dpsradzymin.pl\/wp-content\/uploads\/2023\/09\/image004-13-scaled-1-edited.jpg 1015w, https:\/\/dpsradzymin.pl\/wp-content\/uploads\/2023\/09\/image004-13-scaled-1-edited-300x225.jpg 300w, https:\/\/dpsradzymin.pl\/wp-content\/uploads\/2023\/09\/image004-13-scaled-1-edited-768x576.jpg 768w\" sizes=\"auto, (max-width: 1015px) 100vw, 1015px\" \/><\/figure>\n\n\n\n<figure class=\"wp-block-image size-large\"><img loading=\"lazy\" decoding=\"async\" width=\"1015\" height=\"761\" data-id=\"9860\" src=\"http:\/\/wp2.dpsradzymin.pl\/wp-content\/uploads\/2023\/09\/image005-8-scaled-1-edited.jpg\" alt=\"\" class=\"wp-image-9860\" srcset=\"https:\/\/dpsradzymin.pl\/wp-content\/uploads\/2023\/09\/image005-8-scaled-1-edited.jpg 1015w, https:\/\/dpsradzymin.pl\/wp-content\/uploads\/2023\/09\/image005-8-scaled-1-edited-300x225.jpg 300w, https:\/\/dpsradzymin.pl\/wp-content\/uploads\/2023\/09\/image005-8-scaled-1-edited-768x576.jpg 768w\" sizes=\"auto, (max-width: 1015px) 100vw, 1015px\" \/><\/figure>\n\n\n\n<figure class=\"wp-block-image size-large\"><img loading=\"lazy\" decoding=\"async\" width=\"1015\" height=\"761\" data-id=\"9859\" src=\"http:\/\/wp2.dpsradzymin.pl\/wp-content\/uploads\/2023\/09\/image006-8-scaled-1-edited.jpg\" alt=\"\" class=\"wp-image-9859\" srcset=\"https:\/\/dpsradzymin.pl\/wp-content\/uploads\/2023\/09\/image006-8-scaled-1-edited.jpg 1015w, https:\/\/dpsradzymin.pl\/wp-content\/uploads\/2023\/09\/image006-8-scaled-1-edited-300x225.jpg 300w, https:\/\/dpsradzymin.pl\/wp-content\/uploads\/2023\/09\/image006-8-scaled-1-edited-768x576.jpg 768w\" sizes=\"auto, (max-width: 1015px) 100vw, 1015px\" \/><\/figure>\n\n\n\n<figure class=\"wp-block-image size-large\"><img loading=\"lazy\" decoding=\"async\" width=\"1015\" height=\"761\" data-id=\"9858\" src=\"http:\/\/wp2.dpsradzymin.pl\/wp-content\/uploads\/2023\/09\/image0011-scaled-1-edited.jpg\" alt=\"\" class=\"wp-image-9858\" srcset=\"https:\/\/dpsradzymin.pl\/wp-content\/uploads\/2023\/09\/image0011-scaled-1-edited.jpg 1015w, https:\/\/dpsradzymin.pl\/wp-content\/uploads\/2023\/09\/image0011-scaled-1-edited-300x225.jpg 300w, https:\/\/dpsradzymin.pl\/wp-content\/uploads\/2023\/09\/image0011-scaled-1-edited-768x576.jpg 768w\" sizes=\"auto, (max-width: 1015px) 100vw, 1015px\" \/><\/figure>\n\n\n\n<figure class=\"wp-block-image size-large\"><img loading=\"lazy\" decoding=\"async\" width=\"1015\" height=\"761\" data-id=\"9863\" src=\"http:\/\/wp2.dpsradzymin.pl\/wp-content\/uploads\/2023\/09\/image0012-scaled-1-edited.jpg\" alt=\"\" class=\"wp-image-9863\" srcset=\"https:\/\/dpsradzymin.pl\/wp-content\/uploads\/2023\/09\/image0012-scaled-1-edited.jpg 1015w, https:\/\/dpsradzymin.pl\/wp-content\/uploads\/2023\/09\/image0012-scaled-1-edited-300x225.jpg 300w, https:\/\/dpsradzymin.pl\/wp-content\/uploads\/2023\/09\/image0012-scaled-1-edited-768x576.jpg 768w\" sizes=\"auto, (max-width: 1015px) 100vw, 1015px\" \/><\/figure>\n<\/figure>\n","protected":false},"excerpt":{"rendered":"<p>25 wrze\u015bnia 2019 r. \u201e Ka\u017cdy ma swoje Kilimand\u017caro, dla jednego wstanie z \u0142\u00f3\u017cka jest wyzwaniem, dla drugiego obej\u015bcie \u00a0\u00a0 kopca Ko\u015bciuszki\u201d &#8211;\u00a0\u00a0 Anna Dymna Ch\u0119tni\u00a0 mieszka\u0144cy\u00a0 naszego Domu wraz z pani\u0105 dyrektor Jolant\u0105 Cha\u0142upk\u0105 i terapeutkami uczestniczyli w jesiennym pikniku zorganizowanym przez Dom Pomocy Spo\u0142ecznej w Bra\u0144szczyku. By\u0142o to spotkanie integracyjne os\u00f3b niepe\u0142nosprawnych i [&hellip;]<\/p>\n","protected":false},"author":1,"featured_media":9853,"comment_status":"closed","ping_status":"open","sticky":false,"template":"","format":"standard","meta":{"footnotes":""},"categories":[5],"tags":[],"class_list":["post-6570","post","type-post","status-publish","format-standard","has-post-thumbnail","hentry","category-aktualnosci"],"_links":{"self":[{"href":"https:\/\/dpsradzymin.pl\/index.php\/wp-json\/wp\/v2\/posts\/6570","targetHints":{"allow":["GET"]}}],"collection":[{"href":"https:\/\/dpsradzymin.pl\/index.php\/wp-json\/wp\/v2\/posts"}],"about":[{"href":"https:\/\/dpsradzymin.pl\/index.php\/wp-json\/wp\/v2\/types\/post"}],"author":[{"embeddable":true,"href":"https:\/\/dpsradzymin.pl\/index.php\/wp-json\/wp\/v2\/users\/1"}],"replies":[{"embeddable":true,"href":"https:\/\/dpsradzymin.pl\/index.php\/wp-json\/wp\/v2\/comments?post=6570"}],"version-history":[{"count":1,"href":"https:\/\/dpsradzymin.pl\/index.php\/wp-json\/wp\/v2\/posts\/6570\/revisions"}],"predecessor-version":[{"id":9864,"href":"https:\/\/dpsradzymin.pl\/index.php\/wp-json\/wp\/v2\/posts\/6570\/revisions\/9864"}],"wp:featuredmedia":[{"embeddable":true,"href":"https:\/\/dpsradzymin.pl\/index.php\/wp-json\/wp\/v2\/media\/9853"}],"wp:attachment":[{"href":"https:\/\/dpsradzymin.pl\/index.php\/wp-json\/wp\/v2\/media?parent=6570"}],"wp:term":[{"taxonomy":"category","embeddable":true,"href":"https:\/\/dpsradzymin.pl\/index.php\/wp-json\/wp\/v2\/categories?post=6570"},{"taxonomy":"post_tag","embeddable":true,"href":"https:\/\/dpsradzymin.pl\/index.php\/wp-json\/wp\/v2\/tags?post=6570"}],"curies":[{"name":"wp","href":"https:\/\/api.w.org\/{rel}","templated":true}]}}