{"id":6662,"date":"2019-05-07T11:35:28","date_gmt":"2019-05-07T09:35:28","guid":{"rendered":"http:\/\/test.dpsradzymin.pl\/?p=6662"},"modified":"2023-09-06T10:46:56","modified_gmt":"2023-09-06T08:46:56","slug":"mieszkancy-domu-pomocy-spolecznej-w-branszczyku-z-wizyta-w-naszym-dps","status":"publish","type":"post","link":"https:\/\/dpsradzymin.pl\/index.php\/2019\/05\/07\/mieszkancy-domu-pomocy-spolecznej-w-branszczyku-z-wizyta-w-naszym-dps\/","title":{"rendered":"Mieszka\u0144cy Domu Pomocy Spo\u0142ecznej w Bra\u0144szczyku z wizyt\u0105 w naszym DPS"},"content":{"rendered":"<p><strong>7 maja 2019 r.<\/strong><\/p>\n<p><em><strong>\u201eMo\u017ce faktycznie to nie my wybieramy nasze podr\u00f3\u017ce, tylko one nas&#8221;.<\/strong><\/em><br \/><em>Martyna Wojciechowska<\/em><\/p>\n<p>W naszym Domu powitali\u015bmy mi\u0142ych go\u015bci z Domu Pomocy Spo\u0142ecznej w Bra\u0144szczyku.<br \/>Spotkali\u015bmy si\u0119 aby odnowi\u0107 niegdy\u015b zawi\u0105zane kontakty, zapozna\u0107 si\u0119 i zobaczy\u0107 jak sp\u0119dzaj\u0105 czas Mieszka\u0144cy innych dom\u00f3w w naszej okolicy.<\/p>\n<p>Spotkaniu towarzyszy\u0142y liczne gry planszowe, rozmowy, ogl\u0105danie naszego Domu i ogrodu wok\u00f3\u0142 niego. Wszyscy cieszyli si\u0119 z mi\u0142o sp\u0119dzonego czasu. Mamy nadziej\u0119 ,\u017ce b\u0119dziemy spotyka\u0107 si\u0119 cz\u0119\u015bciej i wymienia\u0107 pomys\u0142ami. Do zobaczenia.<br \/><em>Tekst: A. Przybysz<\/em><\/p>\n<\/p>\n\n\n<figure class=\"wp-block-gallery has-nested-images columns-default is-cropped wp-block-gallery-1 is-layout-flex wp-block-gallery-is-layout-flex\">\n<figure class=\"wp-block-image size-large\"><img loading=\"lazy\" decoding=\"async\" width=\"1024\" height=\"768\" data-id=\"9739\" src=\"http:\/\/wp2.dpsradzymin.pl\/wp-content\/uploads\/2023\/09\/image001-19-scaled-1-1024x768.jpg\" alt=\"\" class=\"wp-image-9739\" srcset=\"https:\/\/dpsradzymin.pl\/wp-content\/uploads\/2023\/09\/image001-19-scaled-1-1024x768.jpg 1024w, https:\/\/dpsradzymin.pl\/wp-content\/uploads\/2023\/09\/image001-19-scaled-1-300x225.jpg 300w, https:\/\/dpsradzymin.pl\/wp-content\/uploads\/2023\/09\/image001-19-scaled-1-768x576.jpg 768w, https:\/\/dpsradzymin.pl\/wp-content\/uploads\/2023\/09\/image001-19-scaled-1-1536x1152.jpg 1536w, https:\/\/dpsradzymin.pl\/wp-content\/uploads\/2023\/09\/image001-19-scaled-1-2048x1536.jpg 2048w\" sizes=\"auto, (max-width: 1024px) 100vw, 1024px\" \/><\/figure>\n\n\n\n<figure class=\"wp-block-image size-large\"><img loading=\"lazy\" decoding=\"async\" width=\"1024\" height=\"768\" data-id=\"9738\" src=\"http:\/\/wp2.dpsradzymin.pl\/wp-content\/uploads\/2023\/09\/image002-19-scaled-1-1024x768.jpg\" alt=\"\" class=\"wp-image-9738\" srcset=\"https:\/\/dpsradzymin.pl\/wp-content\/uploads\/2023\/09\/image002-19-scaled-1-1024x768.jpg 1024w, https:\/\/dpsradzymin.pl\/wp-content\/uploads\/2023\/09\/image002-19-scaled-1-300x225.jpg 300w, https:\/\/dpsradzymin.pl\/wp-content\/uploads\/2023\/09\/image002-19-scaled-1-768x576.jpg 768w, https:\/\/dpsradzymin.pl\/wp-content\/uploads\/2023\/09\/image002-19-scaled-1-1536x1152.jpg 1536w, https:\/\/dpsradzymin.pl\/wp-content\/uploads\/2023\/09\/image002-19-scaled-1-2048x1536.jpg 2048w\" sizes=\"auto, (max-width: 1024px) 100vw, 1024px\" \/><\/figure>\n\n\n\n<figure class=\"wp-block-image size-large\"><img loading=\"lazy\" decoding=\"async\" width=\"1024\" height=\"768\" data-id=\"9737\" src=\"http:\/\/wp2.dpsradzymin.pl\/wp-content\/uploads\/2023\/09\/image003-20-scaled-1-1024x768.jpg\" alt=\"\" class=\"wp-image-9737\" srcset=\"https:\/\/dpsradzymin.pl\/wp-content\/uploads\/2023\/09\/image003-20-scaled-1-1024x768.jpg 1024w, https:\/\/dpsradzymin.pl\/wp-content\/uploads\/2023\/09\/image003-20-scaled-1-300x225.jpg 300w, https:\/\/dpsradzymin.pl\/wp-content\/uploads\/2023\/09\/image003-20-scaled-1-768x576.jpg 768w, https:\/\/dpsradzymin.pl\/wp-content\/uploads\/2023\/09\/image003-20-scaled-1-1536x1152.jpg 1536w, https:\/\/dpsradzymin.pl\/wp-content\/uploads\/2023\/09\/image003-20-scaled-1-2048x1536.jpg 2048w\" sizes=\"auto, (max-width: 1024px) 100vw, 1024px\" \/><\/figure>\n\n\n\n<figure class=\"wp-block-image size-large\"><img loading=\"lazy\" decoding=\"async\" width=\"1024\" height=\"768\" data-id=\"9736\" src=\"http:\/\/wp2.dpsradzymin.pl\/wp-content\/uploads\/2023\/09\/image004-19-scaled-1-1024x768.jpg\" alt=\"\" class=\"wp-image-9736\" srcset=\"https:\/\/dpsradzymin.pl\/wp-content\/uploads\/2023\/09\/image004-19-scaled-1-1024x768.jpg 1024w, https:\/\/dpsradzymin.pl\/wp-content\/uploads\/2023\/09\/image004-19-scaled-1-300x225.jpg 300w, https:\/\/dpsradzymin.pl\/wp-content\/uploads\/2023\/09\/image004-19-scaled-1-768x576.jpg 768w, https:\/\/dpsradzymin.pl\/wp-content\/uploads\/2023\/09\/image004-19-scaled-1-1536x1152.jpg 1536w, https:\/\/dpsradzymin.pl\/wp-content\/uploads\/2023\/09\/image004-19-scaled-1-2048x1536.jpg 2048w\" sizes=\"auto, (max-width: 1024px) 100vw, 1024px\" \/><\/figure>\n<\/figure>\n","protected":false},"excerpt":{"rendered":"<p>7 maja 2019 r. \u201eMo\u017ce faktycznie to nie my wybieramy nasze podr\u00f3\u017ce, tylko one nas&#8221;.Martyna Wojciechowska W naszym Domu powitali\u015bmy mi\u0142ych go\u015bci z Domu Pomocy Spo\u0142ecznej w Bra\u0144szczyku.Spotkali\u015bmy si\u0119 aby odnowi\u0107 niegdy\u015b zawi\u0105zane kontakty, zapozna\u0107 si\u0119 i zobaczy\u0107 jak sp\u0119dzaj\u0105 czas Mieszka\u0144cy innych dom\u00f3w w naszej okolicy. Spotkaniu towarzyszy\u0142y liczne gry planszowe, rozmowy, ogl\u0105danie naszego [&hellip;]<\/p>\n","protected":false},"author":1,"featured_media":9736,"comment_status":"closed","ping_status":"open","sticky":false,"template":"","format":"standard","meta":{"footnotes":""},"categories":[5],"tags":[],"class_list":["post-6662","post","type-post","status-publish","format-standard","has-post-thumbnail","hentry","category-aktualnosci"],"_links":{"self":[{"href":"https:\/\/dpsradzymin.pl\/index.php\/wp-json\/wp\/v2\/posts\/6662","targetHints":{"allow":["GET"]}}],"collection":[{"href":"https:\/\/dpsradzymin.pl\/index.php\/wp-json\/wp\/v2\/posts"}],"about":[{"href":"https:\/\/dpsradzymin.pl\/index.php\/wp-json\/wp\/v2\/types\/post"}],"author":[{"embeddable":true,"href":"https:\/\/dpsradzymin.pl\/index.php\/wp-json\/wp\/v2\/users\/1"}],"replies":[{"embeddable":true,"href":"https:\/\/dpsradzymin.pl\/index.php\/wp-json\/wp\/v2\/comments?post=6662"}],"version-history":[{"count":2,"href":"https:\/\/dpsradzymin.pl\/index.php\/wp-json\/wp\/v2\/posts\/6662\/revisions"}],"predecessor-version":[{"id":9802,"href":"https:\/\/dpsradzymin.pl\/index.php\/wp-json\/wp\/v2\/posts\/6662\/revisions\/9802"}],"wp:featuredmedia":[{"embeddable":true,"href":"https:\/\/dpsradzymin.pl\/index.php\/wp-json\/wp\/v2\/media\/9736"}],"wp:attachment":[{"href":"https:\/\/dpsradzymin.pl\/index.php\/wp-json\/wp\/v2\/media?parent=6662"}],"wp:term":[{"taxonomy":"category","embeddable":true,"href":"https:\/\/dpsradzymin.pl\/index.php\/wp-json\/wp\/v2\/categories?post=6662"},{"taxonomy":"post_tag","embeddable":true,"href":"https:\/\/dpsradzymin.pl\/index.php\/wp-json\/wp\/v2\/tags?post=6662"}],"curies":[{"name":"wp","href":"https:\/\/api.w.org\/{rel}","templated":true}]}}