{"id":8279,"date":"2022-11-10T15:10:32","date_gmt":"2022-11-10T14:10:32","guid":{"rendered":"http:\/\/dpsradzymin.pl\/?p=8279"},"modified":"2023-09-07T13:08:53","modified_gmt":"2023-09-07T11:08:53","slug":"zawirowanie-w-krainie-basni-przedstawienie-teatralne","status":"publish","type":"post","link":"https:\/\/dpsradzymin.pl\/index.php\/2022\/11\/10\/zawirowanie-w-krainie-basni-przedstawienie-teatralne\/","title":{"rendered":"&#8222;Zawirowanie w Krainie Ba\u015bni&#8221; &#8211; przedstawienie teatralne"},"content":{"rendered":"<p><strong>&#8222;Zawirowanie w Krainie Ba\u015bni&#8221;<\/strong><\/p>\n<p><strong>10 listopada 2022r.<\/strong><\/p>\n<p>W tym\u00a0 roku zostali\u015bmy mi\u0142o zaskoczeni pi\u0119knym spektaklem teatralnym ,, Zawirowanie w Krainie Ba\u015bni\u201d. Przedstawienie zosta\u0142o przygotowane przez dzieci ze Szko\u0142y Podstawowej nr 2 im. Michaliny Che\u0142mo\u0144skiej-Szczepankowskiej w S\u0142upnie. Aktorzy zachwycali nas talentem i pi\u0119knymi kolorowymi strojami. Przedstawienie utrzymane w weso\u0142ej tonacji bawi\u0142o Mieszka\u0144c\u00f3w powoduj\u0105c salwy \u015bmiechu i zachwytu.<\/p>\n<p>\u00a0<\/p>\n\n\n<figure class=\"wp-block-gallery has-nested-images columns-default is-cropped wp-block-gallery-1 is-layout-flex wp-block-gallery-is-layout-flex\">\n<figure class=\"wp-block-image size-large\"><img loading=\"lazy\" decoding=\"async\" width=\"1024\" height=\"768\" data-id=\"10085\" src=\"http:\/\/wp2.dpsradzymin.pl\/wp-content\/uploads\/2023\/09\/DSCN6037-1-scaled-1-1024x768.jpg\" alt=\"\" class=\"wp-image-10085\" srcset=\"https:\/\/dpsradzymin.pl\/wp-content\/uploads\/2023\/09\/DSCN6037-1-scaled-1-1024x768.jpg 1024w, https:\/\/dpsradzymin.pl\/wp-content\/uploads\/2023\/09\/DSCN6037-1-scaled-1-300x225.jpg 300w, https:\/\/dpsradzymin.pl\/wp-content\/uploads\/2023\/09\/DSCN6037-1-scaled-1-768x576.jpg 768w, https:\/\/dpsradzymin.pl\/wp-content\/uploads\/2023\/09\/DSCN6037-1-scaled-1-1536x1152.jpg 1536w, https:\/\/dpsradzymin.pl\/wp-content\/uploads\/2023\/09\/DSCN6037-1-scaled-1.jpg 1800w\" sizes=\"auto, (max-width: 1024px) 100vw, 1024px\" \/><\/figure>\n\n\n\n<figure class=\"wp-block-image size-large\"><img loading=\"lazy\" decoding=\"async\" width=\"1024\" height=\"768\" data-id=\"10084\" src=\"http:\/\/wp2.dpsradzymin.pl\/wp-content\/uploads\/2023\/09\/DSCN6046-1-scaled-1-1024x768.jpg\" alt=\"\" class=\"wp-image-10084\" srcset=\"https:\/\/dpsradzymin.pl\/wp-content\/uploads\/2023\/09\/DSCN6046-1-scaled-1-1024x768.jpg 1024w, https:\/\/dpsradzymin.pl\/wp-content\/uploads\/2023\/09\/DSCN6046-1-scaled-1-300x225.jpg 300w, https:\/\/dpsradzymin.pl\/wp-content\/uploads\/2023\/09\/DSCN6046-1-scaled-1-768x576.jpg 768w, https:\/\/dpsradzymin.pl\/wp-content\/uploads\/2023\/09\/DSCN6046-1-scaled-1-1536x1152.jpg 1536w, https:\/\/dpsradzymin.pl\/wp-content\/uploads\/2023\/09\/DSCN6046-1-scaled-1.jpg 1800w\" sizes=\"auto, (max-width: 1024px) 100vw, 1024px\" \/><\/figure>\n\n\n\n<figure class=\"wp-block-image size-large\"><img loading=\"lazy\" decoding=\"async\" width=\"1024\" height=\"768\" data-id=\"10086\" src=\"http:\/\/wp2.dpsradzymin.pl\/wp-content\/uploads\/2023\/09\/DSCN6076-1-scaled-1-1024x768.jpg\" alt=\"\" class=\"wp-image-10086\" srcset=\"https:\/\/dpsradzymin.pl\/wp-content\/uploads\/2023\/09\/DSCN6076-1-scaled-1-1024x768.jpg 1024w, https:\/\/dpsradzymin.pl\/wp-content\/uploads\/2023\/09\/DSCN6076-1-scaled-1-300x225.jpg 300w, https:\/\/dpsradzymin.pl\/wp-content\/uploads\/2023\/09\/DSCN6076-1-scaled-1-768x576.jpg 768w, https:\/\/dpsradzymin.pl\/wp-content\/uploads\/2023\/09\/DSCN6076-1-scaled-1-1536x1152.jpg 1536w, https:\/\/dpsradzymin.pl\/wp-content\/uploads\/2023\/09\/DSCN6076-1-scaled-1.jpg 1800w\" sizes=\"auto, (max-width: 1024px) 100vw, 1024px\" \/><\/figure>\n\n\n\n<figure class=\"wp-block-image size-large\"><img loading=\"lazy\" decoding=\"async\" width=\"1024\" height=\"768\" data-id=\"10090\" src=\"http:\/\/wp2.dpsradzymin.pl\/wp-content\/uploads\/2023\/09\/DSCN6084-1-scaled-1-1024x768.jpg\" alt=\"\" class=\"wp-image-10090\" srcset=\"https:\/\/dpsradzymin.pl\/wp-content\/uploads\/2023\/09\/DSCN6084-1-scaled-1-1024x768.jpg 1024w, https:\/\/dpsradzymin.pl\/wp-content\/uploads\/2023\/09\/DSCN6084-1-scaled-1-300x225.jpg 300w, https:\/\/dpsradzymin.pl\/wp-content\/uploads\/2023\/09\/DSCN6084-1-scaled-1-768x576.jpg 768w, https:\/\/dpsradzymin.pl\/wp-content\/uploads\/2023\/09\/DSCN6084-1-scaled-1-1536x1152.jpg 1536w, https:\/\/dpsradzymin.pl\/wp-content\/uploads\/2023\/09\/DSCN6084-1-scaled-1.jpg 1800w\" sizes=\"auto, (max-width: 1024px) 100vw, 1024px\" \/><\/figure>\n\n\n\n<figure class=\"wp-block-image size-large\"><img loading=\"lazy\" decoding=\"async\" width=\"1024\" height=\"768\" data-id=\"10087\" src=\"http:\/\/wp2.dpsradzymin.pl\/wp-content\/uploads\/2023\/09\/DSCN6089-1-scaled-1-1024x768.jpg\" alt=\"\" class=\"wp-image-10087\" srcset=\"https:\/\/dpsradzymin.pl\/wp-content\/uploads\/2023\/09\/DSCN6089-1-scaled-1-1024x768.jpg 1024w, https:\/\/dpsradzymin.pl\/wp-content\/uploads\/2023\/09\/DSCN6089-1-scaled-1-300x225.jpg 300w, https:\/\/dpsradzymin.pl\/wp-content\/uploads\/2023\/09\/DSCN6089-1-scaled-1-768x576.jpg 768w, https:\/\/dpsradzymin.pl\/wp-content\/uploads\/2023\/09\/DSCN6089-1-scaled-1-1536x1152.jpg 1536w, https:\/\/dpsradzymin.pl\/wp-content\/uploads\/2023\/09\/DSCN6089-1-scaled-1.jpg 1800w\" sizes=\"auto, (max-width: 1024px) 100vw, 1024px\" \/><\/figure>\n\n\n\n<figure class=\"wp-block-image size-large\"><img loading=\"lazy\" decoding=\"async\" width=\"1024\" height=\"768\" data-id=\"10088\" src=\"http:\/\/wp2.dpsradzymin.pl\/wp-content\/uploads\/2023\/09\/DSCN6101-1-scaled-1-1024x768.jpg\" alt=\"\" class=\"wp-image-10088\" srcset=\"https:\/\/dpsradzymin.pl\/wp-content\/uploads\/2023\/09\/DSCN6101-1-scaled-1-1024x768.jpg 1024w, https:\/\/dpsradzymin.pl\/wp-content\/uploads\/2023\/09\/DSCN6101-1-scaled-1-300x225.jpg 300w, https:\/\/dpsradzymin.pl\/wp-content\/uploads\/2023\/09\/DSCN6101-1-scaled-1-768x576.jpg 768w, https:\/\/dpsradzymin.pl\/wp-content\/uploads\/2023\/09\/DSCN6101-1-scaled-1-1536x1152.jpg 1536w, https:\/\/dpsradzymin.pl\/wp-content\/uploads\/2023\/09\/DSCN6101-1-scaled-1.jpg 1800w\" sizes=\"auto, (max-width: 1024px) 100vw, 1024px\" \/><\/figure>\n\n\n\n<figure class=\"wp-block-image size-large\"><img loading=\"lazy\" decoding=\"async\" width=\"1024\" height=\"768\" data-id=\"10089\" src=\"http:\/\/wp2.dpsradzymin.pl\/wp-content\/uploads\/2023\/09\/DSCN6102-1-scaled-1-1024x768.jpg\" alt=\"\" class=\"wp-image-10089\" srcset=\"https:\/\/dpsradzymin.pl\/wp-content\/uploads\/2023\/09\/DSCN6102-1-scaled-1-1024x768.jpg 1024w, https:\/\/dpsradzymin.pl\/wp-content\/uploads\/2023\/09\/DSCN6102-1-scaled-1-300x225.jpg 300w, https:\/\/dpsradzymin.pl\/wp-content\/uploads\/2023\/09\/DSCN6102-1-scaled-1-768x576.jpg 768w, https:\/\/dpsradzymin.pl\/wp-content\/uploads\/2023\/09\/DSCN6102-1-scaled-1-1536x1152.jpg 1536w, https:\/\/dpsradzymin.pl\/wp-content\/uploads\/2023\/09\/DSCN6102-1-scaled-1.jpg 1800w\" sizes=\"auto, (max-width: 1024px) 100vw, 1024px\" \/><\/figure>\n\n\n\n<figure class=\"wp-block-image size-large\"><img loading=\"lazy\" decoding=\"async\" width=\"1024\" height=\"768\" data-id=\"10091\" src=\"http:\/\/wp2.dpsradzymin.pl\/wp-content\/uploads\/2023\/09\/DSCN6108-1-scaled-1-1024x768.jpg\" alt=\"\" class=\"wp-image-10091\" srcset=\"https:\/\/dpsradzymin.pl\/wp-content\/uploads\/2023\/09\/DSCN6108-1-scaled-1-1024x768.jpg 1024w, https:\/\/dpsradzymin.pl\/wp-content\/uploads\/2023\/09\/DSCN6108-1-scaled-1-300x225.jpg 300w, https:\/\/dpsradzymin.pl\/wp-content\/uploads\/2023\/09\/DSCN6108-1-scaled-1-768x576.jpg 768w, https:\/\/dpsradzymin.pl\/wp-content\/uploads\/2023\/09\/DSCN6108-1-scaled-1-1536x1152.jpg 1536w, https:\/\/dpsradzymin.pl\/wp-content\/uploads\/2023\/09\/DSCN6108-1-scaled-1.jpg 1800w\" sizes=\"auto, (max-width: 1024px) 100vw, 1024px\" \/><\/figure>\n<\/figure>\n","protected":false},"excerpt":{"rendered":"<p>&#8222;Zawirowanie w Krainie Ba\u015bni&#8221; 10 listopada 2022r. W tym\u00a0 roku zostali\u015bmy mi\u0142o zaskoczeni pi\u0119knym spektaklem teatralnym ,, Zawirowanie w Krainie Ba\u015bni\u201d. Przedstawienie zosta\u0142o przygotowane przez dzieci ze Szko\u0142y Podstawowej nr 2 im. Michaliny Che\u0142mo\u0144skiej-Szczepankowskiej w S\u0142upnie. Aktorzy zachwycali nas talentem i pi\u0119knymi kolorowymi strojami. Przedstawienie utrzymane w weso\u0142ej tonacji bawi\u0142o Mieszka\u0144c\u00f3w powoduj\u0105c salwy \u015bmiechu i [&hellip;]<\/p>\n","protected":false},"author":1,"featured_media":10087,"comment_status":"closed","ping_status":"open","sticky":false,"template":"","format":"standard","meta":{"footnotes":""},"categories":[5],"tags":[],"class_list":["post-8279","post","type-post","status-publish","format-standard","has-post-thumbnail","hentry","category-aktualnosci"],"_links":{"self":[{"href":"https:\/\/dpsradzymin.pl\/index.php\/wp-json\/wp\/v2\/posts\/8279","targetHints":{"allow":["GET"]}}],"collection":[{"href":"https:\/\/dpsradzymin.pl\/index.php\/wp-json\/wp\/v2\/posts"}],"about":[{"href":"https:\/\/dpsradzymin.pl\/index.php\/wp-json\/wp\/v2\/types\/post"}],"author":[{"embeddable":true,"href":"https:\/\/dpsradzymin.pl\/index.php\/wp-json\/wp\/v2\/users\/1"}],"replies":[{"embeddable":true,"href":"https:\/\/dpsradzymin.pl\/index.php\/wp-json\/wp\/v2\/comments?post=8279"}],"version-history":[{"count":2,"href":"https:\/\/dpsradzymin.pl\/index.php\/wp-json\/wp\/v2\/posts\/8279\/revisions"}],"predecessor-version":[{"id":10093,"href":"https:\/\/dpsradzymin.pl\/index.php\/wp-json\/wp\/v2\/posts\/8279\/revisions\/10093"}],"wp:featuredmedia":[{"embeddable":true,"href":"https:\/\/dpsradzymin.pl\/index.php\/wp-json\/wp\/v2\/media\/10087"}],"wp:attachment":[{"href":"https:\/\/dpsradzymin.pl\/index.php\/wp-json\/wp\/v2\/media?parent=8279"}],"wp:term":[{"taxonomy":"category","embeddable":true,"href":"https:\/\/dpsradzymin.pl\/index.php\/wp-json\/wp\/v2\/categories?post=8279"},{"taxonomy":"post_tag","embeddable":true,"href":"https:\/\/dpsradzymin.pl\/index.php\/wp-json\/wp\/v2\/tags?post=8279"}],"curies":[{"name":"wp","href":"https:\/\/api.w.org\/{rel}","templated":true}]}}